{"id":5739,"date":"2025-09-25T10:27:03","date_gmt":"2025-09-25T08:27:03","guid":{"rendered":"https:\/\/ohmtalschule.de\/?p=5739"},"modified":"2025-09-25T10:27:04","modified_gmt":"2025-09-25T08:27:04","slug":"aus-aepfeln-wird-saft-ein-gelungenes-schulprojekt","status":"publish","type":"post","link":"https:\/\/ohmtalschule.de\/?p=5739","title":{"rendered":"Aus \u00c4pfeln wird Saft \u2013 ein gelungenes Schulprojekt"},"content":{"rendered":"\n<p><\/p>\n\n\n\n<p><strong>Apfelkelter-Aktion an der OTS<\/strong><\/p>\n\n\n\n<p>Die OTS verwandelte sich jetzt f\u00fcr einen Tag in eine kleine Mosterei: 30 Sch\u00fclerinnen und Sch\u00fcler der MuKu-Kurse \u201eNatur\u201c und \u201eWerken\u201c kelterten gemeinsam mit ihren Lehrern, Martin Linke und Florian Rahn, frischen Apfelsaft. Viele der \u00c4pfel stammten aus den G\u00e4rten der Sch\u00fclerinnen, Sch\u00fcler und deren Familien.<\/p>\n\n\n\n<p>Das Projekt zeigte den Kindern nicht nur, wie viel Arbeit in jedem Glas Apfelsaft steckt, sondern f\u00f6rderte auch Teamarbeit, handwerkliches Geschick und ein Bewusstsein f\u00fcr nachhaltige, regionale Lebensmittel. Die Sch\u00fclerinnen und Sch\u00fcler waren von Anfang an mit gro\u00dfer Motivation dabei und hatten viel Spa\u00df, obwohl die Aktion sehr arbeitsintensiv war.<\/p>\n\n\n\n<p>Die Herstellung von Apfelsaft umfasst mehr Arbeitsschritte, als man zun\u00e4chst denkt! Zuerst wurden die \u00c4pfel gewaschen und von Schadstellen befreit. Dann entstand aus den Fr\u00fcchten mit der Obstm\u00fchle eine Maische, die anschlie\u00dfend in der Obstpresse zu frischem Saft gepresst wurde.<\/p>\n\n\n\n<p>Insgesamt verarbeiteten die Sch\u00fclerinnen und Sch\u00fcler etwa 175 Kilogramm \u00c4pfel und gewannen rund 120 Liter Apfelsaft. Der frisch gepresste Saft kam bei der gesamten Schulgemeinde gut an und konnte gegen einen kleinen Unkostenbeitrag probiert werden. Auch die Sch\u00fclerinnen und Sch\u00fcler durften einen Teil ihres Saftes mit nach Hause nehmen.<\/p>\n\n\n\n<p>Ein besonderer Dank geht an die Justus-Liebig-Universit\u00e4t, die die Obstm\u00fchle und -presse zur Verf\u00fcgung stellte, sowie an die Stadt Homburg (Ohm) f\u00fcr die Erlaubnis, einen Teil der st\u00e4dtischen Apfelb\u00e4ume zu nutzen. Ohne diese Unterst\u00fctzung w\u00e4re das Projekt nicht m\u00f6glich gewesen.<\/p>\n\n\n\n<p>Die Apfelkelter-Aktion war ein voller Erfolg und wird im n\u00e4chsten Jahr sicher wiederholt. Die Sch\u00fclerinnen und Sch\u00fcler werden k\u00fcnftig Apfelsaft mit ganz anderen Augen sehen \u2013 und wissen nun, was es bedeutet, wenn es hei\u00dft: \u201eFrisch gepresst!\u201c<\/p>\n\n\n\n<p>Text: Martin Linke<\/p>\n\n\n\n<p>Foto: Florian Rahn<\/p>\n<br \/><ul id='sp-sharer-5739' class='sp-sharer sp-sharer-default' data-id='5739'><li><span class='share-title'>Weiterleiten<\/span><\/li><li><a id='spsharer-mail-5739' class='spsharer-email' title='Share by email to a friend' href='https:\/\/ohmtalschule.de\/?p=5739' rel='nofollow'><span>Email<\/span><span class='count'><\/span><\/a><\/li><\/ul>","protected":false},"excerpt":{"rendered":"<p>Apfelkelter-Aktion an der OTS Die OTS verwandelte sich jetzt f\u00fcr einen Tag in eine kleine Mosterei: 30 Sch\u00fclerinnen und Sch\u00fcler der MuKu-Kurse \u201eNatur\u201c und \u201eWerken\u201c kelterten gemeinsam mit ihren Lehrern, Martin Linke und Florian Rahn, frischen Apfelsaft. Viele der \u00c4pfel stammten aus den G\u00e4rten der Sch\u00fclerinnen, Sch\u00fcler und deren Familien. Das Projekt zeigte den Kindern &hellip; <a href=\"https:\/\/ohmtalschule.de\/?p=5739\" class=\"more-link\"><span class=\"screen-reader-text\">Aus \u00c4pfeln wird Saft \u2013 ein gelungenes Schulprojekt<\/span> weiterlesen <span class=\"meta-nav\">&rarr;<\/span><\/a><\/p>\n","protected":false},"author":12,"featured_media":5742,"comment_status":"closed","ping_status":"closed","sticky":false,"template":"","format":"standard","meta":{"footnotes":""},"categories":[1],"tags":[],"class_list":["post-5739","post","type-post","status-publish","format-standard","has-post-thumbnail","hentry","category-allgemein"],"yoast_head":"<!-- This site is optimized with the Yoast SEO plugin v27.5 - https:\/\/yoast.com\/product\/yoast-seo-wordpress\/ -->\n<title>Aus \u00c4pfeln wird Saft \u2013 ein gelungenes Schulprojekt - Ohmtalschule Homberg<\/title>\n<meta name=\"robots\" content=\"index, follow, max-snippet:-1, max-image-preview:large, max-video-preview:-1\" \/>\n<link rel=\"canonical\" href=\"https:\/\/ohmtalschule.de\/?p=5739\" \/>\n<meta property=\"og:locale\" content=\"de_DE\" \/>\n<meta property=\"og:type\" content=\"article\" \/>\n<meta property=\"og:title\" content=\"Aus \u00c4pfeln wird Saft \u2013 ein gelungenes Schulprojekt - Ohmtalschule Homberg\" \/>\n<meta property=\"og:description\" content=\"Apfelkelter-Aktion an der OTS Die OTS verwandelte sich jetzt f\u00fcr einen Tag in eine kleine Mosterei: 30 Sch\u00fclerinnen und Sch\u00fcler der MuKu-Kurse \u201eNatur\u201c und \u201eWerken\u201c kelterten gemeinsam mit ihren Lehrern, Martin Linke und Florian Rahn, frischen Apfelsaft. Viele der \u00c4pfel stammten aus den G\u00e4rten der Sch\u00fclerinnen, Sch\u00fcler und deren Familien. Das Projekt zeigte den Kindern &hellip; Aus \u00c4pfeln wird Saft \u2013 ein gelungenes Schulprojekt weiterlesen &rarr;\" \/>\n<meta property=\"og:url\" content=\"https:\/\/ohmtalschule.de\/?p=5739\" \/>\n<meta property=\"og:site_name\" content=\"Ohmtalschule Homberg\" \/>\n<meta property=\"article:published_time\" content=\"2025-09-25T08:27:03+00:00\" \/>\n<meta property=\"article:modified_time\" content=\"2025-09-25T08:27:04+00:00\" \/>\n<meta property=\"og:image\" content=\"https:\/\/ohmtalschule.de\/wordpress\/wp-content\/uploads\/2025\/09\/Apfel-1-scaled.jpeg\" \/>\n\t<meta property=\"og:image:width\" content=\"2560\" \/>\n\t<meta property=\"og:image:height\" content=\"1920\" \/>\n\t<meta property=\"og:image:type\" content=\"image\/jpeg\" \/>\n<meta name=\"author\" content=\"Silvia Simon\" \/>\n<meta name=\"twitter:card\" content=\"summary_large_image\" \/>\n<meta name=\"twitter:label1\" content=\"Verfasst von\" \/>\n\t<meta name=\"twitter:data1\" content=\"Silvia Simon\" \/>\n\t<meta name=\"twitter:label2\" content=\"Gesch\u00e4tzte Lesezeit\" \/>\n\t<meta name=\"twitter:data2\" content=\"2\u00a0Minuten\" \/>\n<script type=\"application\/ld+json\" class=\"yoast-schema-graph\">{\"@context\":\"https:\\\/\\\/schema.org\",\"@graph\":[{\"@type\":\"Article\",\"@id\":\"https:\\\/\\\/ohmtalschule.de\\\/?p=5739#article\",\"isPartOf\":{\"@id\":\"https:\\\/\\\/ohmtalschule.de\\\/?p=5739\"},\"author\":{\"name\":\"Silvia Simon\",\"@id\":\"https:\\\/\\\/ohmtalschule.de\\\/#\\\/schema\\\/person\\\/5d502270f1525c134a4ae4ef5347c77f\"},\"headline\":\"Aus \u00c4pfeln wird Saft \u2013 ein gelungenes Schulprojekt\",\"datePublished\":\"2025-09-25T08:27:03+00:00\",\"dateModified\":\"2025-09-25T08:27:04+00:00\",\"mainEntityOfPage\":{\"@id\":\"https:\\\/\\\/ohmtalschule.de\\\/?p=5739\"},\"wordCount\":308,\"image\":{\"@id\":\"https:\\\/\\\/ohmtalschule.de\\\/?p=5739#primaryimage\"},\"thumbnailUrl\":\"https:\\\/\\\/ohmtalschule.de\\\/wordpress\\\/wp-content\\\/uploads\\\/2025\\\/09\\\/Apfel-1-scaled.jpeg\",\"inLanguage\":\"de\"},{\"@type\":\"WebPage\",\"@id\":\"https:\\\/\\\/ohmtalschule.de\\\/?p=5739\",\"url\":\"https:\\\/\\\/ohmtalschule.de\\\/?p=5739\",\"name\":\"Aus \u00c4pfeln wird Saft \u2013 ein gelungenes Schulprojekt - Ohmtalschule Homberg\",\"isPartOf\":{\"@id\":\"https:\\\/\\\/ohmtalschule.de\\\/#website\"},\"primaryImageOfPage\":{\"@id\":\"https:\\\/\\\/ohmtalschule.de\\\/?p=5739#primaryimage\"},\"image\":{\"@id\":\"https:\\\/\\\/ohmtalschule.de\\\/?p=5739#primaryimage\"},\"thumbnailUrl\":\"https:\\\/\\\/ohmtalschule.de\\\/wordpress\\\/wp-content\\\/uploads\\\/2025\\\/09\\\/Apfel-1-scaled.jpeg\",\"datePublished\":\"2025-09-25T08:27:03+00:00\",\"dateModified\":\"2025-09-25T08:27:04+00:00\",\"author\":{\"@id\":\"https:\\\/\\\/ohmtalschule.de\\\/#\\\/schema\\\/person\\\/5d502270f1525c134a4ae4ef5347c77f\"},\"breadcrumb\":{\"@id\":\"https:\\\/\\\/ohmtalschule.de\\\/?p=5739#breadcrumb\"},\"inLanguage\":\"de\",\"potentialAction\":[{\"@type\":\"ReadAction\",\"target\":[\"https:\\\/\\\/ohmtalschule.de\\\/?p=5739\"]}]},{\"@type\":\"ImageObject\",\"inLanguage\":\"de\",\"@id\":\"https:\\\/\\\/ohmtalschule.de\\\/?p=5739#primaryimage\",\"url\":\"https:\\\/\\\/ohmtalschule.de\\\/wordpress\\\/wp-content\\\/uploads\\\/2025\\\/09\\\/Apfel-1-scaled.jpeg\",\"contentUrl\":\"https:\\\/\\\/ohmtalschule.de\\\/wordpress\\\/wp-content\\\/uploads\\\/2025\\\/09\\\/Apfel-1-scaled.jpeg\",\"width\":2560,\"height\":1920},{\"@type\":\"BreadcrumbList\",\"@id\":\"https:\\\/\\\/ohmtalschule.de\\\/?p=5739#breadcrumb\",\"itemListElement\":[{\"@type\":\"ListItem\",\"position\":1,\"name\":\"Startseite\",\"item\":\"https:\\\/\\\/ohmtalschule.de\\\/\"},{\"@type\":\"ListItem\",\"position\":2,\"name\":\"Aus \u00c4pfeln wird Saft \u2013 ein gelungenes Schulprojekt\"}]},{\"@type\":\"WebSite\",\"@id\":\"https:\\\/\\\/ohmtalschule.de\\\/#website\",\"url\":\"https:\\\/\\\/ohmtalschule.de\\\/\",\"name\":\"Ohmtalschule Homberg\",\"description\":\"Gesamtschule des Vogelsbergkreises\",\"potentialAction\":[{\"@type\":\"SearchAction\",\"target\":{\"@type\":\"EntryPoint\",\"urlTemplate\":\"https:\\\/\\\/ohmtalschule.de\\\/?s={search_term_string}\"},\"query-input\":{\"@type\":\"PropertyValueSpecification\",\"valueRequired\":true,\"valueName\":\"search_term_string\"}}],\"inLanguage\":\"de\"},{\"@type\":\"Person\",\"@id\":\"https:\\\/\\\/ohmtalschule.de\\\/#\\\/schema\\\/person\\\/5d502270f1525c134a4ae4ef5347c77f\",\"name\":\"Silvia Simon\",\"image\":{\"@type\":\"ImageObject\",\"inLanguage\":\"de\",\"@id\":\"https:\\\/\\\/secure.gravatar.com\\\/avatar\\\/86d5f9aeeea633cacb655c21d59be5c8cdc6f13272e6e40dd819bf0846e32746?s=96&d=mm&r=g\",\"url\":\"https:\\\/\\\/secure.gravatar.com\\\/avatar\\\/86d5f9aeeea633cacb655c21d59be5c8cdc6f13272e6e40dd819bf0846e32746?s=96&d=mm&r=g\",\"contentUrl\":\"https:\\\/\\\/secure.gravatar.com\\\/avatar\\\/86d5f9aeeea633cacb655c21d59be5c8cdc6f13272e6e40dd819bf0846e32746?s=96&d=mm&r=g\",\"caption\":\"Silvia Simon\"},\"url\":\"https:\\\/\\\/ohmtalschule.de\\\/?author=12\"}]}<\/script>\n<!-- \/ Yoast SEO plugin. -->","yoast_head_json":{"title":"Aus \u00c4pfeln wird Saft \u2013 ein gelungenes Schulprojekt - Ohmtalschule Homberg","robots":{"index":"index","follow":"follow","max-snippet":"max-snippet:-1","max-image-preview":"max-image-preview:large","max-video-preview":"max-video-preview:-1"},"canonical":"https:\/\/ohmtalschule.de\/?p=5739","og_locale":"de_DE","og_type":"article","og_title":"Aus \u00c4pfeln wird Saft \u2013 ein gelungenes Schulprojekt - Ohmtalschule Homberg","og_description":"Apfelkelter-Aktion an der OTS Die OTS verwandelte sich jetzt f\u00fcr einen Tag in eine kleine Mosterei: 30 Sch\u00fclerinnen und Sch\u00fcler der MuKu-Kurse \u201eNatur\u201c und \u201eWerken\u201c kelterten gemeinsam mit ihren Lehrern, Martin Linke und Florian Rahn, frischen Apfelsaft. Viele der \u00c4pfel stammten aus den G\u00e4rten der Sch\u00fclerinnen, Sch\u00fcler und deren Familien. Das Projekt zeigte den Kindern &hellip; Aus \u00c4pfeln wird Saft \u2013 ein gelungenes Schulprojekt weiterlesen &rarr;","og_url":"https:\/\/ohmtalschule.de\/?p=5739","og_site_name":"Ohmtalschule Homberg","article_published_time":"2025-09-25T08:27:03+00:00","article_modified_time":"2025-09-25T08:27:04+00:00","og_image":[{"width":2560,"height":1920,"url":"https:\/\/ohmtalschule.de\/wordpress\/wp-content\/uploads\/2025\/09\/Apfel-1-scaled.jpeg","type":"image\/jpeg"}],"author":"Silvia Simon","twitter_card":"summary_large_image","twitter_misc":{"Verfasst von":"Silvia Simon","Gesch\u00e4tzte Lesezeit":"2\u00a0Minuten"},"schema":{"@context":"https:\/\/schema.org","@graph":[{"@type":"Article","@id":"https:\/\/ohmtalschule.de\/?p=5739#article","isPartOf":{"@id":"https:\/\/ohmtalschule.de\/?p=5739"},"author":{"name":"Silvia Simon","@id":"https:\/\/ohmtalschule.de\/#\/schema\/person\/5d502270f1525c134a4ae4ef5347c77f"},"headline":"Aus \u00c4pfeln wird Saft \u2013 ein gelungenes Schulprojekt","datePublished":"2025-09-25T08:27:03+00:00","dateModified":"2025-09-25T08:27:04+00:00","mainEntityOfPage":{"@id":"https:\/\/ohmtalschule.de\/?p=5739"},"wordCount":308,"image":{"@id":"https:\/\/ohmtalschule.de\/?p=5739#primaryimage"},"thumbnailUrl":"https:\/\/ohmtalschule.de\/wordpress\/wp-content\/uploads\/2025\/09\/Apfel-1-scaled.jpeg","inLanguage":"de"},{"@type":"WebPage","@id":"https:\/\/ohmtalschule.de\/?p=5739","url":"https:\/\/ohmtalschule.de\/?p=5739","name":"Aus \u00c4pfeln wird Saft \u2013 ein gelungenes Schulprojekt - Ohmtalschule Homberg","isPartOf":{"@id":"https:\/\/ohmtalschule.de\/#website"},"primaryImageOfPage":{"@id":"https:\/\/ohmtalschule.de\/?p=5739#primaryimage"},"image":{"@id":"https:\/\/ohmtalschule.de\/?p=5739#primaryimage"},"thumbnailUrl":"https:\/\/ohmtalschule.de\/wordpress\/wp-content\/uploads\/2025\/09\/Apfel-1-scaled.jpeg","datePublished":"2025-09-25T08:27:03+00:00","dateModified":"2025-09-25T08:27:04+00:00","author":{"@id":"https:\/\/ohmtalschule.de\/#\/schema\/person\/5d502270f1525c134a4ae4ef5347c77f"},"breadcrumb":{"@id":"https:\/\/ohmtalschule.de\/?p=5739#breadcrumb"},"inLanguage":"de","potentialAction":[{"@type":"ReadAction","target":["https:\/\/ohmtalschule.de\/?p=5739"]}]},{"@type":"ImageObject","inLanguage":"de","@id":"https:\/\/ohmtalschule.de\/?p=5739#primaryimage","url":"https:\/\/ohmtalschule.de\/wordpress\/wp-content\/uploads\/2025\/09\/Apfel-1-scaled.jpeg","contentUrl":"https:\/\/ohmtalschule.de\/wordpress\/wp-content\/uploads\/2025\/09\/Apfel-1-scaled.jpeg","width":2560,"height":1920},{"@type":"BreadcrumbList","@id":"https:\/\/ohmtalschule.de\/?p=5739#breadcrumb","itemListElement":[{"@type":"ListItem","position":1,"name":"Startseite","item":"https:\/\/ohmtalschule.de\/"},{"@type":"ListItem","position":2,"name":"Aus \u00c4pfeln wird Saft \u2013 ein gelungenes Schulprojekt"}]},{"@type":"WebSite","@id":"https:\/\/ohmtalschule.de\/#website","url":"https:\/\/ohmtalschule.de\/","name":"Ohmtalschule Homberg","description":"Gesamtschule des Vogelsbergkreises","potentialAction":[{"@type":"SearchAction","target":{"@type":"EntryPoint","urlTemplate":"https:\/\/ohmtalschule.de\/?s={search_term_string}"},"query-input":{"@type":"PropertyValueSpecification","valueRequired":true,"valueName":"search_term_string"}}],"inLanguage":"de"},{"@type":"Person","@id":"https:\/\/ohmtalschule.de\/#\/schema\/person\/5d502270f1525c134a4ae4ef5347c77f","name":"Silvia Simon","image":{"@type":"ImageObject","inLanguage":"de","@id":"https:\/\/secure.gravatar.com\/avatar\/86d5f9aeeea633cacb655c21d59be5c8cdc6f13272e6e40dd819bf0846e32746?s=96&d=mm&r=g","url":"https:\/\/secure.gravatar.com\/avatar\/86d5f9aeeea633cacb655c21d59be5c8cdc6f13272e6e40dd819bf0846e32746?s=96&d=mm&r=g","contentUrl":"https:\/\/secure.gravatar.com\/avatar\/86d5f9aeeea633cacb655c21d59be5c8cdc6f13272e6e40dd819bf0846e32746?s=96&d=mm&r=g","caption":"Silvia Simon"},"url":"https:\/\/ohmtalschule.de\/?author=12"}]}},"_links":{"self":[{"href":"https:\/\/ohmtalschule.de\/index.php?rest_route=\/wp\/v2\/posts\/5739","targetHints":{"allow":["GET"]}}],"collection":[{"href":"https:\/\/ohmtalschule.de\/index.php?rest_route=\/wp\/v2\/posts"}],"about":[{"href":"https:\/\/ohmtalschule.de\/index.php?rest_route=\/wp\/v2\/types\/post"}],"author":[{"embeddable":true,"href":"https:\/\/ohmtalschule.de\/index.php?rest_route=\/wp\/v2\/users\/12"}],"replies":[{"embeddable":true,"href":"https:\/\/ohmtalschule.de\/index.php?rest_route=%2Fwp%2Fv2%2Fcomments&post=5739"}],"version-history":[{"count":1,"href":"https:\/\/ohmtalschule.de\/index.php?rest_route=\/wp\/v2\/posts\/5739\/revisions"}],"predecessor-version":[{"id":5740,"href":"https:\/\/ohmtalschule.de\/index.php?rest_route=\/wp\/v2\/posts\/5739\/revisions\/5740"}],"wp:featuredmedia":[{"embeddable":true,"href":"https:\/\/ohmtalschule.de\/index.php?rest_route=\/wp\/v2\/media\/5742"}],"wp:attachment":[{"href":"https:\/\/ohmtalschule.de\/index.php?rest_route=%2Fwp%2Fv2%2Fmedia&parent=5739"}],"wp:term":[{"taxonomy":"category","embeddable":true,"href":"https:\/\/ohmtalschule.de\/index.php?rest_route=%2Fwp%2Fv2%2Fcategories&post=5739"},{"taxonomy":"post_tag","embeddable":true,"href":"https:\/\/ohmtalschule.de\/index.php?rest_route=%2Fwp%2Fv2%2Ftags&post=5739"}],"curies":[{"name":"wp","href":"https:\/\/api.w.org\/{rel}","templated":true}]}}